{"id":10279,"date":"2020-04-11T14:28:50","date_gmt":"2020-04-11T14:28:50","guid":{"rendered":"http:\/\/travelstudio.com.br\/a-little-of-the-history-of-rio-de-janeiro\/"},"modified":"2024-09-11T18:34:59","modified_gmt":"2024-09-11T18:34:59","slug":"a-little-of-the-history-of-rio-de-janeiro","status":"publish","type":"post","link":"https:\/\/travelstudio.com.br\/en\/a-little-of-the-history-of-rio-de-janeiro\/","title":{"rendered":"A LITTLE OF THE HISTORY OF RIO DE JANEIRO"},"content":{"rendered":"<section class=\"l-section wpb_row height_medium color_primary with_img\"><div class=\"l-section-img\" role=\"img\" aria-label=\"Image\" data-img-width=\"961\" data-img-height=\"616\" style=\"background-image: url(https:\/\/travelstudio.com.br\/wp-content\/uploads\/2020\/04\/fundac3a7c3a3o-da-cidade-do-rio-de-janeiro.jpg);background-repeat: no-repeat;\"><\/div><div class=\"l-section-overlay\" style=\"background:rgba(0,0,0,0.50)\"><\/div><div class=\"l-section-h i-cf\"><div class=\"g-cols vc_row via_grid cols_1 laptops-cols_inherit tablets-cols_inherit mobiles-cols_1 valign_top type_default stacking_default\"><div class=\"wpb_column vc_column_container\"><div class=\"vc_column-inner\"><h2 class=\"w-post-elm post_title align_center entry-title color_link_inherit\">A LITTLE OF THE HISTORY OF RIO DE JANEIRO<\/h2><div class=\"wpb_text_column\"><div class=\"wpb_wrapper\"><nav class=\"g-breadcrumbs separator_icon align_center\" itemscope itemtype=\"http:\/\/schema.org\/BreadcrumbList\"><div class=\"g-breadcrumbs-item\" itemscope itemprop=\"itemListElement\" itemtype=\"http:\/\/schema.org\/ListItem\"><a itemprop=\"item\" href=\"http:\/\/travelstudio.com.br\/en\/\"><span itemprop=\"name\">Home<\/span><\/a><meta itemprop=\"position\" content=\"1\"\/><\/div><div class=\"g-breadcrumbs-separator\"><i class=\"far fa-angle-right\"><\/i><\/div><div class=\"g-breadcrumbs-item\">Pages<\/div><\/nav>\n<\/div><\/div><\/div><\/div><\/div><\/div><\/section><section class=\"l-section wpb_row height_medium\"><div class=\"l-section-h i-cf\"><div class=\"g-cols vc_row via_grid cols_3-1 laptops-cols_inherit tablets-cols_inherit mobiles-cols_1 valign_top type_default stacking_default\"><div class=\"wpb_column vc_column_container\"><div class=\"vc_column-inner\"><div class=\"w-sharing us_custom_ea56f62c type_simple align_center color_default\"><div class=\"w-sharing-list\"><a class=\"w-sharing-item email\" href=\"mailto:?subject=A+LITTLE+OF+THE+HISTORY+OF+RIO+DE+JANEIRO&amp;body=https:\/\/travelstudio.com.br\/en\/wp-json\/wp\/v2\/posts\/10279\" title=\"Email this\" aria-label=\"Email this\"><i class=\"fas fa-envelope\"><\/i><\/a><a class=\"w-sharing-item facebook\" href=\"https:\/\/www.facebook.com\/sharer\/sharer.php?u=https:\/\/travelstudio.com.br\/en\/wp-json\/wp\/v2\/posts\/10279&amp;quote=A+LITTLE+OF+THE+HISTORY+OF+RIO+DE+JANEIRO\" title=\"Share this\" aria-label=\"Share this\" onclick=\"window.open(this.href, &quot;facebook&quot;, &quot;toolbar=0,width=900,height=500&quot;); return false;\"><i class=\"fab fa-facebook\"><\/i><\/a><a class=\"w-sharing-item twitter\" href=\"https:\/\/twitter.com\/intent\/tweet?text=A+LITTLE+OF+THE+HISTORY+OF+RIO+DE+JANEIRO&amp;url=https:\/\/travelstudio.com.br\/en\/wp-json\/wp\/v2\/posts\/10279\" title=\"Share this\" aria-label=\"Share this\" onclick=\"window.open(this.href, &quot;twitter&quot;, &quot;toolbar=0,width=650,height=360&quot;); return false;\"><i class=\"fab fa-x-twitter\"><svg style=\"width:1em; margin-bottom:-.1em;\" xmlns=\"http:\/\/www.w3.org\/2000\/svg\" viewBox=\"0 0 512 512\" role=\"presentation\"><path fill=\"currentColor\" d=\"M389.2 48h70.6L305.6 224.2 487 464H345L233.7 318.6 106.5 464H35.8L200.7 275.5 26.8 48H172.4L272.9 180.9 389.2 48zM364.4 421.8h39.1L151.1 88h-42L364.4 421.8z\"\/><\/svg><\/i><\/a><a class=\"w-sharing-item whatsapp\" href=\"https:\/\/web.whatsapp.com\/send?text=A+LITTLE+OF+THE+HISTORY+OF+RIO+DE+JANEIRO https:\/\/travelstudio.com.br\/en\/wp-json\/wp\/v2\/posts\/10279\" title=\"Share this\" aria-label=\"Share this\" onclick=\"window.open(this.href, &quot;whatsapp&quot;, &quot;toolbar=0,width=900,height=500&quot;); return false;\"><i class=\"fab fa-whatsapp\"><\/i><\/a><\/div><\/div><div class=\"w-separator size_small\"><\/div><div class=\"wpb_text_column\"><div class=\"wpb_wrapper\"><p style=\"text-align: center;\">This city so plural, with such diverse influences everywhere, could not have a less interesting history. Let&#8217;s give a brush stroke on the main historical facts so you can get an idea of how Rio de Janeiro was designed.<\/p>\n<\/div><\/div><div class=\"w-separator size_small\"><\/div><div id=\"ultimate-heading-178169f775864a673\" class=\"uvc-heading ult-adjust-bottom-margin ultimate-heading-178169f775864a673 uvc-1962 \" data-hspacer=\"line_only\"  data-halign=\"left\" style=\"text-align:left\"><div class=\"uvc-main-heading ult-responsive\"  data-ultimate-target='.uvc-heading.ultimate-heading-178169f775864a673 p'  data-responsive-json-new='{\"font-size\":\"\",\"line-height\":\"\"}' ><p style=\"font-weight:normal;\">PRE COLONIAL AND COLONIAL PERIOD<\/p><\/div><div class=\"uvc-heading-spacer line_only\" style=\"topheight:2px;\"><span class=\"uvc-headings-line\" style=\"border-style:solid;border-bottom-width:2px;border-color:#b2d452;width:299px;\"><\/span><\/div><\/div><div class=\"w-separator size_small\"><\/div><div class=\"wpb_text_column\"><div class=\"wpb_wrapper\"><p>The first adventurous Europeans to arrive here came on a Portuguese nau in January 1502. They believed they had reached the mouth of a river when they entered Guanabara Bay, and named the site Of Rio de Janeiro. Here, they found the Tupinamb\u00e1s Indians, who had lived in these lands for millennia. However, it was the French who first settled in the region and lived competing with the Portuguese in the timber trade, which started a war that only ended in 1567. Portugal manages to expel the French two years after the founding of the city of S\u00e3o Sebasti\u00e3o do Rio de Janeiro, on March 1, 1565. Thanks to its privileged position on Guanabara Bay, Rio de Janeiro developed into an important port and commercial area for the region, gradually increasing its occupation, population and urbanization.<\/p>\n<\/div><\/div><div class=\"w-separator size_small\"><\/div><div id=\"ultimate-heading-780969f775864a932\" class=\"uvc-heading ult-adjust-bottom-margin ultimate-heading-780969f775864a932 uvc-2630 \" data-hspacer=\"line_only\"  data-halign=\"left\" style=\"text-align:left\"><div class=\"uvc-main-heading ult-responsive\"  data-ultimate-target='.uvc-heading.ultimate-heading-780969f775864a932 p'  data-responsive-json-new='{\"font-size\":\"\",\"line-height\":\"\"}' ><p style=\"font-weight:normal;\">THE CAPITAL OF COLOGNE<\/p><\/div><div class=\"uvc-heading-spacer line_only\" style=\"topheight:2px;\"><span class=\"uvc-headings-line\" style=\"border-style:solid;border-bottom-width:2px;border-color:#b2d452;width:190px;\"><\/span><\/div><\/div><div class=\"w-separator size_small\"><\/div><div class=\"wpb_text_column\"><div class=\"wpb_wrapper\"><p>At the end of the 17th century and during the 18th century, with the discovery of gold in Minas Gerais, Rio de Janeiro became the main port of brazilian metal flow to Europe, making the colony&#8217;s capital move from Salvador to here on August 31, 1763 (remaining with this title until 1960). However, until then, although many churches were built and the population had increased significantly in this period, Rio de Janeiro had not yet had a very significant urban structure. Imagine as if it were a large popular market surrounded by farms and churches. The educational or security institutions did not yet exist, nor was culture developed. Not only gold was of paramount importance to the ports of Rio de Janeiro, but also the slave trade. Rio was one of the main gateways for slave ships: it is estimated that between 3 and 4 million Africans arrived in South America here, mainly during this period. This intense relationship with the Africans profoundly transformed the social structures of the city, the marks of which can still be seen today not only in the ruins, but also in the population formation and culture, especially in the communities.<\/p>\n<\/div><\/div><div class=\"w-slider style_none fit_scaledown nav_thumbs count_1\" style=\"--thumbs-width:4rem;--thumbs-gap:4px;\"><div class=\"w-slider-h\" aria-hidden=\"true\"><div class=\"royalSlider\"><div class=\"rsContent\"><a class=\"rsImg\" data-rsw=\"960\" data-rsh=\"544\" href=\"https:\/\/travelstudio.com.br\/wp-content\/uploads\/2020\/04\/historia.do_.rio_.de_.janeiro.jpg\"><span data-alt=\"\"><\/span><\/a><img decoding=\"async\" width=\"150\" height=\"85\" src=\"https:\/\/travelstudio.com.br\/wp-content\/uploads\/2020\/04\/historia.do_.rio_.de_.janeiro.jpg\" class=\"rsTmb\" alt=\"\" \/><\/div><\/div><img decoding=\"async\" src=\"https:\/\/travelstudio.com.br\/wp-content\/uploads\/2020\/04\/historia.do_.rio_.de_.janeiro.jpg\" width=\"960\" height=\"544\" alt loading=\"lazy\"><\/div><div class=\"w-slider-json\" onclick='return {&quot;autoScaleSlider&quot;:true,&quot;addActiveClass&quot;:true,&quot;loop&quot;:true,&quot;fadeInLoadedSlide&quot;:false,&quot;slidesSpacing&quot;:0,&quot;imageScalePadding&quot;:0,&quot;numImagesToPreload&quot;:2,&quot;arrowsNav&quot;:true,&quot;arrowsNavAutoHide&quot;:false,&quot;transitionType&quot;:&quot;move&quot;,&quot;transitionSpeed&quot;:250,&quot;block&quot;:{&quot;moveEffect&quot;:&quot;none&quot;,&quot;speed&quot;:300},&quot;thumbs&quot;:{&quot;fitInViewport&quot;:false,&quot;firstMargin&quot;:false,&quot;spacing&quot;:4},&quot;controlNavigation&quot;:&quot;none&quot;,&quot;autoScaleSliderWidth&quot;:960,&quot;autoScaleSliderHeight&quot;:544}'><\/div><\/div><div class=\"w-separator size_small\"><\/div><div id=\"ultimate-heading-727769f775864b4ed\" class=\"uvc-heading ult-adjust-bottom-margin ultimate-heading-727769f775864b4ed uvc-7274 \" data-hspacer=\"line_only\"  data-halign=\"left\" style=\"text-align:left\"><div class=\"uvc-main-heading ult-responsive\"  data-ultimate-target='.uvc-heading.ultimate-heading-727769f775864b4ed p'  data-responsive-json-new='{\"font-size\":\"\",\"line-height\":\"\"}' ><p style=\"font-weight:normal;\">IMPERIAL PERIOD<\/p><\/div><div class=\"uvc-heading-spacer line_only\" style=\"topheight:2px;\"><span class=\"uvc-headings-line\" style=\"border-style:solid;border-bottom-width:2px;border-color:#b2d452;width:150px;\"><\/span><\/div><\/div><div class=\"w-separator size_small\"><\/div><div class=\"wpb_text_column\"><div class=\"wpb_wrapper\"><p>Around here, at the end of the 18th century, life goes on. Rio is the capital of Brazil, the slave trade is still on the rise, the gold cycle is already in decline, sugarcane was no longer as valuable, the colony gradually begins to invest in coffee. Meanwhile, in Portugal, frightened by the iinence of Napoleon&#8217;s attacks, the Portuguese Royal family decides to come and spend some time in Brazil, and this changes the course of our history. To receive the Portuguese crown, Rio de Janeiro would need to be structured. Because of this, several churches and palaces were built and institutions were created such as the Military Academy, the Royal School of Sciences, Arts and Crafts, the Bank of Brazil and the School of Fine Arts, as well as the National Library and the Botanical Garden. Brazil elevates its colony status to the United Kingdom to Portugal and the Algarves, and Rio de Janeiro has become the only city in the world to be the site of a European empire outside Europe. Railways, industries, gas lighting and the city began to take shape.<\/p>\n<\/div><\/div><div class=\"w-slider style_none fit_scaledown nav_thumbs count_1\" style=\"--thumbs-width:4rem;--thumbs-gap:4px;\"><div class=\"w-slider-h\" aria-hidden=\"true\"><div class=\"royalSlider\"><div class=\"rsContent\"><a class=\"rsImg\" data-rsw=\"1024\" data-rsh=\"576\" href=\"https:\/\/travelstudio.com.br\/wp-content\/uploads\/2020\/04\/ilha.fiscal.rio_.de_.janeiro-2-1024x576.jpg\"><span data-alt=\"\"><\/span><\/a><img decoding=\"async\" width=\"150\" height=\"150\" src=\"https:\/\/travelstudio.com.br\/wp-content\/uploads\/2020\/04\/ilha.fiscal.rio_.de_.janeiro-2-150x150.jpg\" class=\"rsTmb\" alt=\"\" srcset=\"https:\/\/travelstudio.com.br\/wp-content\/uploads\/2020\/04\/ilha.fiscal.rio_.de_.janeiro-2-150x150.jpg 150w, https:\/\/travelstudio.com.br\/wp-content\/uploads\/2020\/04\/ilha.fiscal.rio_.de_.janeiro-2-120x120.jpg 120w, https:\/\/travelstudio.com.br\/wp-content\/uploads\/2020\/04\/ilha.fiscal.rio_.de_.janeiro-2-200x200.jpg 200w, https:\/\/travelstudio.com.br\/wp-content\/uploads\/2020\/04\/ilha.fiscal.rio_.de_.janeiro-2-300x300.jpg 300w\" sizes=\"(max-width: 150px) 100vw, 150px\" \/><\/div><\/div><img decoding=\"async\" src=\"https:\/\/travelstudio.com.br\/wp-content\/uploads\/2020\/04\/ilha.fiscal.rio_.de_.janeiro-2-1024x576.jpg\" width=\"1024\" height=\"576\" alt loading=\"lazy\"><\/div><div class=\"w-slider-json\" onclick='return {&quot;autoScaleSlider&quot;:true,&quot;addActiveClass&quot;:true,&quot;loop&quot;:true,&quot;fadeInLoadedSlide&quot;:false,&quot;slidesSpacing&quot;:0,&quot;imageScalePadding&quot;:0,&quot;numImagesToPreload&quot;:2,&quot;arrowsNav&quot;:true,&quot;arrowsNavAutoHide&quot;:false,&quot;transitionType&quot;:&quot;move&quot;,&quot;transitionSpeed&quot;:250,&quot;block&quot;:{&quot;moveEffect&quot;:&quot;none&quot;,&quot;speed&quot;:300},&quot;thumbs&quot;:{&quot;fitInViewport&quot;:false,&quot;firstMargin&quot;:false,&quot;spacing&quot;:4},&quot;controlNavigation&quot;:&quot;none&quot;,&quot;autoScaleSliderWidth&quot;:1024,&quot;autoScaleSliderHeight&quot;:576}'><\/div><\/div><div class=\"w-separator size_small\"><\/div><div id=\"ultimate-heading-682969f775864c06d\" class=\"uvc-heading ult-adjust-bottom-margin ultimate-heading-682969f775864c06d uvc-2544 \" data-hspacer=\"line_only\"  data-halign=\"left\" style=\"text-align:left\"><div class=\"uvc-main-heading ult-responsive\"  data-ultimate-target='.uvc-heading.ultimate-heading-682969f775864c06d p'  data-responsive-json-new='{\"font-size\":\"\",\"line-height\":\"\"}' ><p style=\"font-weight:normal;\">POST COLONIAL PERIOD AND URBAN REFORMS<\/p><\/div><div class=\"uvc-heading-spacer line_only\" style=\"topheight:2px;\"><span class=\"uvc-headings-line\" style=\"border-style:solid;border-bottom-width:2px;border-color:#b2d452;width:393px;\"><\/span><\/div><\/div><div class=\"w-separator size_small\"><\/div><div class=\"wpb_text_column\"><div class=\"wpb_wrapper\"><p>With all this movement of people of royalty and building institutions, it was not long before Brazil declared its independence (in 1822), abolishing slavery (in 1888) and proclaiming the Republic (in 1889). The city had grown considerably, at the end of the 19th century, with more than 800,000 inhabitants and various housing and employment problems, in addition to health crises, with constant epidemics of smallpox, tuberculosis and yellow fever. The city was dirty, sick, and it smelled bad. The first mayor to provide for an urban planning for Rio was Pereira Passos, who took office in 1903 and, in 1908, because of the celebration of the hundred years of the coming of the Portuguese Royal family, decides to reform the city. It inaugurates the Municipal Theatro, National Library and the Museum of Fine Arts, as well as a new port area, avenues, parks and public promenades. To accomplish all this, it acts through the controversial dismantling of hills around the present-day Rio Center, demolishing hundreds of homes, leading the poor to live in the suburbs and intensifying the favelization process. Social inequality becomes increasingly evident: on the one hand, the beauty, luxury and sophistication of new constructions inspired by Paris; on the other hand, the birth of a resilient and resilient River, which spouted in the favela due to lack of choice, and, from this dichotomous relationship, has made a unique cultural identity grow in the world. Here Rio looks a little more like the city that we know and begins to develop its current configuration. Countless other stories are branching out from this central trunk, weaving this cauldron of cultures, influences and relationships, in this city so diverse that it has inequality and plurality as characteristics, and still manages to be charming in the same proportion. The very different chapters of this same story are illustrated in the streets, neighborhoods and people of Rio de Janeiro, who are waiting for you to unravel it.<\/p>\n<\/div><\/div><div class=\"w-slider style_none fit_scaledown nav_thumbs count_2\" style=\"--thumbs-width:4rem;--thumbs-gap:4px;\"><div class=\"w-slider-h\" aria-hidden=\"true\"><div class=\"royalSlider\"><div class=\"rsContent\"><a class=\"rsImg\" data-rsw=\"1024\" data-rsh=\"585\" href=\"https:\/\/travelstudio.com.br\/wp-content\/uploads\/2020\/04\/museu.belas_.artes_.rio_de_janeiro-1-Copia-1024x585.jpg\"><span data-alt=\"\"><\/span><\/a><img decoding=\"async\" width=\"150\" height=\"150\" src=\"https:\/\/travelstudio.com.br\/wp-content\/uploads\/2020\/04\/museu.belas_.artes_.rio_de_janeiro-1-Copia-150x150.jpg\" class=\"rsTmb\" alt=\"\" srcset=\"https:\/\/travelstudio.com.br\/wp-content\/uploads\/2020\/04\/museu.belas_.artes_.rio_de_janeiro-1-Copia-150x150.jpg 150w, https:\/\/travelstudio.com.br\/wp-content\/uploads\/2020\/04\/museu.belas_.artes_.rio_de_janeiro-1-Copia-120x120.jpg 120w, https:\/\/travelstudio.com.br\/wp-content\/uploads\/2020\/04\/museu.belas_.artes_.rio_de_janeiro-1-Copia-200x200.jpg 200w, https:\/\/travelstudio.com.br\/wp-content\/uploads\/2020\/04\/museu.belas_.artes_.rio_de_janeiro-1-Copia-300x300.jpg 300w\" sizes=\"(max-width: 150px) 100vw, 150px\" \/><\/div><div class=\"rsContent\"><a class=\"rsImg\" data-rsw=\"1024\" data-rsh=\"682\" href=\"https:\/\/travelstudio.com.br\/wp-content\/uploads\/2020\/04\/teatro.municipal.rio_.de_.jeneiro-1024x682.jpg\"><span data-alt=\"\"><\/span><\/a><img decoding=\"async\" width=\"150\" height=\"150\" src=\"https:\/\/travelstudio.com.br\/wp-content\/uploads\/2020\/04\/teatro.municipal.rio_.de_.jeneiro-150x150.jpg\" class=\"rsTmb\" alt=\"\" srcset=\"https:\/\/travelstudio.com.br\/wp-content\/uploads\/2020\/04\/teatro.municipal.rio_.de_.jeneiro-150x150.jpg 150w, https:\/\/travelstudio.com.br\/wp-content\/uploads\/2020\/04\/teatro.municipal.rio_.de_.jeneiro-120x120.jpg 120w, https:\/\/travelstudio.com.br\/wp-content\/uploads\/2020\/04\/teatro.municipal.rio_.de_.jeneiro-200x200.jpg 200w, https:\/\/travelstudio.com.br\/wp-content\/uploads\/2020\/04\/teatro.municipal.rio_.de_.jeneiro-300x300.jpg 300w\" sizes=\"(max-width: 150px) 100vw, 150px\" \/><\/div><\/div><img decoding=\"async\" src=\"https:\/\/travelstudio.com.br\/wp-content\/uploads\/2020\/04\/museu.belas_.artes_.rio_de_janeiro-1-Copia-1024x585.jpg\" width=\"1024\" height=\"585\" alt loading=\"lazy\"><\/div><div class=\"w-slider-json\" onclick='return {&quot;autoScaleSlider&quot;:true,&quot;addActiveClass&quot;:true,&quot;loop&quot;:true,&quot;fadeInLoadedSlide&quot;:false,&quot;slidesSpacing&quot;:0,&quot;imageScalePadding&quot;:0,&quot;numImagesToPreload&quot;:2,&quot;arrowsNav&quot;:true,&quot;arrowsNavAutoHide&quot;:false,&quot;transitionType&quot;:&quot;move&quot;,&quot;transitionSpeed&quot;:250,&quot;block&quot;:{&quot;moveEffect&quot;:&quot;none&quot;,&quot;speed&quot;:300},&quot;thumbs&quot;:{&quot;fitInViewport&quot;:false,&quot;firstMargin&quot;:false,&quot;spacing&quot;:4},&quot;controlNavigation&quot;:&quot;thumbnails&quot;,&quot;autoScaleSliderWidth&quot;:1024,&quot;autoScaleSliderHeight&quot;:585}'><\/div><\/div><\/div><\/div><div class=\"wpb_column vc_column_container\"><div class=\"vc_column-inner\"><div class=\"wpb_widgetised_column wpb_content_element\"><div class=\"wpb_wrapper\"><div id=\"media_image-3\" class=\"widget widget_media_image\"><h3 class=\"widgettitle\">ABOUT BLOG<\/h3><img decoding=\"async\" width=\"300\" height=\"176\" src=\"https:\/\/travelstudio.com.br\/wp-content\/uploads\/2020\/06\/Time_Blog_travel_Studio_Rio-300x176.jpg\" class=\"image wp-image-6334  attachment-medium size-medium\" alt=\"\" style=\"max-width: 100%; height: auto;\" srcset=\"https:\/\/travelstudio.com.br\/wp-content\/uploads\/2020\/06\/Time_Blog_travel_Studio_Rio-300x176.jpg 300w, https:\/\/travelstudio.com.br\/wp-content\/uploads\/2020\/06\/Time_Blog_travel_Studio_Rio-1024x602.jpg 1024w, https:\/\/travelstudio.com.br\/wp-content\/uploads\/2020\/06\/Time_Blog_travel_Studio_Rio-600x353.jpg 600w, https:\/\/travelstudio.com.br\/wp-content\/uploads\/2020\/06\/Time_Blog_travel_Studio_Rio.jpg 2000w\" sizes=\"(max-width: 300px) 100vw, 300px\" \/><\/div><div id=\"text-3\" class=\"widget widget_text\"><h3 class=\"widgettitle\">Travel Studio Rio<\/h3>\t\t\t<div class=\"textwidget\"><p>We are a team of women passionate about Rio de Janeiro. After 10 years developing personalized itineraries for travelers who dreamed of visiting Rio, we can say that we understand the city well. \ud83d\ude00<br \/>\nWe would like to share with you: unexpected adventures, inspiring places and lasting friendships in the city of Rio de Janeiro.<br \/>\nWelcome to our support network so that travelers feel welcome and guided in their experiences in Rio de Janeiro.<\/p>\n<\/div>\n\t\t<\/div><div id=\"search-2\" class=\"widget widget_search\"><h3 class=\"widgettitle\">Search<\/h3><form role=\"search\" method=\"get\" class=\"search-form\" action=\"https:\/\/travelstudio.com.br\/en\/\">\n\t\t\t\t<label>\n\t\t\t\t\t<span class=\"screen-reader-text\">Search for:<\/span>\n\t\t\t\t\t<input type=\"search\" class=\"search-field\" placeholder=\"Search &hellip;\" value=\"\" name=\"s\" \/>\n\t\t\t\t<\/label>\n\t\t\t\t<input type=\"submit\" class=\"search-submit\" value=\"Search\" \/>\n\t\t\t<\/form><\/div><div id=\"us_socials-4\" class=\"widget widget_us_socials\"><h3 class=\"widgettitle\">FOLLOW<\/h3><div class=\"w-socials color_ shape_square style_colored hover_fade\" style=\"--gap:0.1em;font-size:20px\"><div class=\"w-socials-list\"><div class=\"w-socials-item email\"><a href=\"mailto:contact@travelstudio.com.br\" class=\"w-socials-item-link\" aria-label=\"Email\"><span class=\"w-socials-item-link-hover\"><\/span><i class=\"fas fa-envelope\"><\/i><\/a><div class=\"w-socials-item-popup\"><span>Email<\/span><\/div><\/div><div class=\"w-socials-item facebook\"><a target=\"_blank\" rel=\"nofollow\" href=\"https:\/\/www.facebook.com\/riotravelstudio\/\" class=\"w-socials-item-link\" aria-label=\"Facebook\"><span class=\"w-socials-item-link-hover\"><\/span><i class=\"fab fa-facebook\"><\/i><\/a><div class=\"w-socials-item-popup\"><span>Facebook<\/span><\/div><\/div><div class=\"w-socials-item linkedin\"><a target=\"_blank\" rel=\"nofollow\" href=\"https:\/\/www.linkedin.com\/company\/riotravelstudio\" class=\"w-socials-item-link\" aria-label=\"LinkedIn\"><span class=\"w-socials-item-link-hover\"><\/span><i class=\"fab fa-linkedin\"><\/i><\/a><div class=\"w-socials-item-popup\"><span>LinkedIn<\/span><\/div><\/div><div class=\"w-socials-item instagram\"><a target=\"_blank\" rel=\"nofollow\" href=\"https:\/\/www.instagram.com\/riotravelstudio\/\" class=\"w-socials-item-link\" aria-label=\"Instagram\"><span class=\"w-socials-item-link-hover\"><\/span><i class=\"fab fa-instagram\"><\/i><\/a><div class=\"w-socials-item-popup\"><span>Instagram<\/span><\/div><\/div><div class=\"w-socials-item pinterest\"><a target=\"_blank\" rel=\"nofollow\" href=\"https:\/\/br.pinterest.com\/riotravelstudio\/\" class=\"w-socials-item-link\" aria-label=\"Pinterest\"><span class=\"w-socials-item-link-hover\"><\/span><i class=\"fab fa-pinterest\"><\/i><\/a><div class=\"w-socials-item-popup\"><span>Pinterest<\/span><\/div><\/div><\/div><\/div><\/div><div id=\"us_socials-3\" class=\"widget widget_us_socials\"><div class=\"w-socials color_ shape_square style_default hover_fade\" style=\"font-size:20px\"><div class=\"w-socials-list\"><\/div><\/div><\/div><\/div><\/div><\/div><\/div><\/div><\/div><\/section><section class=\"l-section wpb_row height_medium color_primary with_img\"><div class=\"l-section-img\" role=\"img\" aria-label=\"Image\" data-img-width=\"960\" data-img-height=\"477\" style=\"background-image: url(https:\/\/travelstudio.com.br\/wp-content\/uploads\/2020\/04\/Brasil.Rio_.Guia_.Viagem.jpg);background-repeat: no-repeat;\"><\/div><div class=\"l-section-h i-cf\"><div class=\"g-cols vc_row via_grid cols_1 laptops-cols_inherit tablets-cols_inherit mobiles-cols_1 valign_top type_default stacking_default\"><div class=\"wpb_column vc_column_container\"><div class=\"vc_column-inner\"><div class=\"w-post-elm post_author vcard author color_link_inherit with_ava avapos_left\"><a href=\"https:\/\/travelstudio.com.br\/en\/author\/anapaula\/\" class=\"fn\" aria-hidden=\"true\" tabindex=\"-1\"><div class=\"post-author-ava\" style=\"font-size:96px;\"><img alt='' src='https:\/\/secure.gravatar.com\/avatar\/b8513036d8b038cbe2d0375949d181c47d254448a67b21ac3750ea56c29d339e?s=96&#038;r=g' srcset='https:\/\/secure.gravatar.com\/avatar\/b8513036d8b038cbe2d0375949d181c47d254448a67b21ac3750ea56c29d339e?s=192&#038;r=g 2x' class='avatar avatar-96 photo' height='96' width='96' \/><\/div><\/a><div class=\"post-author-meta\"><a href=\"https:\/\/travelstudio.com.br\/en\/author\/anapaula\/\" class=\"post-author-name fn\">Ana Paula Martins<\/a><div class=\"post-author-posts\">39 posts<\/div><\/div><\/div><\/div><\/div><\/div><\/div><\/section>\n","protected":false},"excerpt":{"rendered":"A LITTLE OF THE HISTORY OF RIO DE JANEIROHomePages This city so plural, with such diverse influences everywhere, could not have a less interesting history. Let&#8217;s give a brush stroke on the main historical facts so you can get an idea of how Rio de Janeiro was designed. PRE COLONIAL AND COLONIAL PERIODThe first adventurous...","protected":false},"author":7,"featured_media":9738,"comment_status":"open","ping_status":"open","sticky":false,"template":"","format":"standard","meta":{"_acf_changed":false,"_joinchat":[],"footnotes":""},"categories":[102,85],"tags":[],"class_list":["post-10279","post","type-post","status-publish","format-standard","has-post-thumbnail","hentry","category-general-information","category-rio-de-janeiro-tourist-guide"],"acf":[],"yoast_head":"<!-- This site is optimized with the Yoast SEO plugin v27.5 - https:\/\/yoast.com\/product\/yoast-seo-wordpress\/ -->\n<title>A LITTLE OF THE HISTORY OF RIO DE JANEIRO - Travel Studio<\/title>\n<meta name=\"robots\" content=\"index, follow, max-snippet:-1, max-image-preview:large, max-video-preview:-1\" \/>\n<link rel=\"canonical\" href=\"https:\/\/travelstudio.com.br\/en\/a-little-of-the-history-of-rio-de-janeiro\/\" \/>\n<meta property=\"og:locale\" content=\"en_US\" \/>\n<meta property=\"og:type\" content=\"article\" \/>\n<meta property=\"og:title\" content=\"A LITTLE OF THE HISTORY OF RIO DE JANEIRO - Travel Studio\" \/>\n<meta property=\"og:url\" content=\"https:\/\/travelstudio.com.br\/en\/a-little-of-the-history-of-rio-de-janeiro\/\" \/>\n<meta property=\"og:site_name\" content=\"Travel Studio\" \/>\n<meta property=\"article:publisher\" content=\"https:\/\/www.facebook.com\/travelstudio.br\" \/>\n<meta property=\"article:published_time\" content=\"2020-04-11T14:28:50+00:00\" \/>\n<meta property=\"article:modified_time\" content=\"2024-09-11T18:34:59+00:00\" \/>\n<meta property=\"og:image\" content=\"https:\/\/travelstudio.com.br\/wp-content\/uploads\/2020\/04\/historia.do_.rio_.de_.janeiro.jpg\" \/>\n\t<meta property=\"og:image:width\" content=\"960\" \/>\n\t<meta property=\"og:image:height\" content=\"544\" \/>\n\t<meta property=\"og:image:type\" content=\"image\/jpeg\" \/>\n<meta name=\"author\" content=\"Ana Paula Martins\" \/>\n<meta name=\"twitter:card\" content=\"summary_large_image\" \/>\n<meta name=\"twitter:label1\" content=\"Written by\" \/>\n\t<meta name=\"twitter:data1\" content=\"Ana Paula Martins\" \/>\n\t<meta name=\"twitter:label2\" content=\"Est. reading time\" \/>\n\t<meta name=\"twitter:data2\" content=\"6 minutes\" \/>\n<script type=\"application\/ld+json\" class=\"yoast-schema-graph\">{\"@context\":\"https:\\\/\\\/schema.org\",\"@graph\":[{\"@type\":\"Article\",\"@id\":\"https:\\\/\\\/travelstudio.com.br\\\/en\\\/a-little-of-the-history-of-rio-de-janeiro\\\/#article\",\"isPartOf\":{\"@id\":\"https:\\\/\\\/travelstudio.com.br\\\/en\\\/a-little-of-the-history-of-rio-de-janeiro\\\/\"},\"author\":{\"name\":\"Ana Paula Martins\",\"@id\":\"https:\\\/\\\/travelstudio.com.br\\\/en\\\/#\\\/schema\\\/person\\\/9e3c0c4828ace289385e7fb19c38779e\"},\"headline\":\"A LITTLE OF THE HISTORY OF RIO DE JANEIRO\",\"datePublished\":\"2020-04-11T14:28:50+00:00\",\"dateModified\":\"2024-09-11T18:34:59+00:00\",\"mainEntityOfPage\":{\"@id\":\"https:\\\/\\\/travelstudio.com.br\\\/en\\\/a-little-of-the-history-of-rio-de-janeiro\\\/\"},\"wordCount\":1225,\"commentCount\":0,\"image\":{\"@id\":\"https:\\\/\\\/travelstudio.com.br\\\/en\\\/a-little-of-the-history-of-rio-de-janeiro\\\/#primaryimage\"},\"thumbnailUrl\":\"https:\\\/\\\/travelstudio.com.br\\\/wp-content\\\/uploads\\\/2020\\\/04\\\/historia.do_.rio_.de_.janeiro.jpg\",\"articleSection\":[\"General Information\",\"Rio de Janeiro Tourist Guide\"],\"inLanguage\":\"en-US\",\"potentialAction\":[{\"@type\":\"CommentAction\",\"name\":\"Comment\",\"target\":[\"https:\\\/\\\/travelstudio.com.br\\\/en\\\/a-little-of-the-history-of-rio-de-janeiro\\\/#respond\"]}]},{\"@type\":\"WebPage\",\"@id\":\"https:\\\/\\\/travelstudio.com.br\\\/en\\\/a-little-of-the-history-of-rio-de-janeiro\\\/\",\"url\":\"https:\\\/\\\/travelstudio.com.br\\\/en\\\/a-little-of-the-history-of-rio-de-janeiro\\\/\",\"name\":\"A LITTLE OF THE HISTORY OF RIO DE JANEIRO - Travel Studio\",\"isPartOf\":{\"@id\":\"https:\\\/\\\/travelstudio.com.br\\\/en\\\/#website\"},\"primaryImageOfPage\":{\"@id\":\"https:\\\/\\\/travelstudio.com.br\\\/en\\\/a-little-of-the-history-of-rio-de-janeiro\\\/#primaryimage\"},\"image\":{\"@id\":\"https:\\\/\\\/travelstudio.com.br\\\/en\\\/a-little-of-the-history-of-rio-de-janeiro\\\/#primaryimage\"},\"thumbnailUrl\":\"https:\\\/\\\/travelstudio.com.br\\\/wp-content\\\/uploads\\\/2020\\\/04\\\/historia.do_.rio_.de_.janeiro.jpg\",\"datePublished\":\"2020-04-11T14:28:50+00:00\",\"dateModified\":\"2024-09-11T18:34:59+00:00\",\"author\":{\"@id\":\"https:\\\/\\\/travelstudio.com.br\\\/en\\\/#\\\/schema\\\/person\\\/9e3c0c4828ace289385e7fb19c38779e\"},\"breadcrumb\":{\"@id\":\"https:\\\/\\\/travelstudio.com.br\\\/en\\\/a-little-of-the-history-of-rio-de-janeiro\\\/#breadcrumb\"},\"inLanguage\":\"en-US\",\"potentialAction\":[{\"@type\":\"ReadAction\",\"target\":[\"https:\\\/\\\/travelstudio.com.br\\\/en\\\/a-little-of-the-history-of-rio-de-janeiro\\\/\"]}]},{\"@type\":\"ImageObject\",\"inLanguage\":\"en-US\",\"@id\":\"https:\\\/\\\/travelstudio.com.br\\\/en\\\/a-little-of-the-history-of-rio-de-janeiro\\\/#primaryimage\",\"url\":\"https:\\\/\\\/travelstudio.com.br\\\/wp-content\\\/uploads\\\/2020\\\/04\\\/historia.do_.rio_.de_.janeiro.jpg\",\"contentUrl\":\"https:\\\/\\\/travelstudio.com.br\\\/wp-content\\\/uploads\\\/2020\\\/04\\\/historia.do_.rio_.de_.janeiro.jpg\",\"width\":960,\"height\":544},{\"@type\":\"BreadcrumbList\",\"@id\":\"https:\\\/\\\/travelstudio.com.br\\\/en\\\/a-little-of-the-history-of-rio-de-janeiro\\\/#breadcrumb\",\"itemListElement\":[{\"@type\":\"ListItem\",\"position\":1,\"name\":\"In\u00edcio\",\"item\":\"https:\\\/\\\/travelstudio.com.br\\\/en\\\/\"},{\"@type\":\"ListItem\",\"position\":2,\"name\":\"A LITTLE OF THE HISTORY OF RIO DE JANEIRO\"}]},{\"@type\":\"WebSite\",\"@id\":\"https:\\\/\\\/travelstudio.com.br\\\/en\\\/#website\",\"url\":\"https:\\\/\\\/travelstudio.com.br\\\/en\\\/\",\"name\":\"Travel Studio\",\"description\":\"Ag\u00eancia Turismo Receptivo no Rio de Janeiro, especializada em customiza\u00e7\u00e3o de passeios.\",\"potentialAction\":[{\"@type\":\"SearchAction\",\"target\":{\"@type\":\"EntryPoint\",\"urlTemplate\":\"https:\\\/\\\/travelstudio.com.br\\\/en\\\/?s={search_term_string}\"},\"query-input\":{\"@type\":\"PropertyValueSpecification\",\"valueRequired\":true,\"valueName\":\"search_term_string\"}}],\"inLanguage\":\"en-US\"},{\"@type\":\"Person\",\"@id\":\"https:\\\/\\\/travelstudio.com.br\\\/en\\\/#\\\/schema\\\/person\\\/9e3c0c4828ace289385e7fb19c38779e\",\"name\":\"Ana Paula Martins\",\"image\":{\"@type\":\"ImageObject\",\"inLanguage\":\"en-US\",\"@id\":\"https:\\\/\\\/secure.gravatar.com\\\/avatar\\\/b8513036d8b038cbe2d0375949d181c47d254448a67b21ac3750ea56c29d339e?s=96&r=g\",\"url\":\"https:\\\/\\\/secure.gravatar.com\\\/avatar\\\/b8513036d8b038cbe2d0375949d181c47d254448a67b21ac3750ea56c29d339e?s=96&r=g\",\"contentUrl\":\"https:\\\/\\\/secure.gravatar.com\\\/avatar\\\/b8513036d8b038cbe2d0375949d181c47d254448a67b21ac3750ea56c29d339e?s=96&r=g\",\"caption\":\"Ana Paula Martins\"},\"url\":\"https:\\\/\\\/travelstudio.com.br\\\/en\\\/author\\\/anapaula\\\/\"}]}<\/script>\n<!-- \/ Yoast SEO plugin. -->","yoast_head_json":{"title":"A LITTLE OF THE HISTORY OF RIO DE JANEIRO - Travel Studio","robots":{"index":"index","follow":"follow","max-snippet":"max-snippet:-1","max-image-preview":"max-image-preview:large","max-video-preview":"max-video-preview:-1"},"canonical":"https:\/\/travelstudio.com.br\/en\/a-little-of-the-history-of-rio-de-janeiro\/","og_locale":"en_US","og_type":"article","og_title":"A LITTLE OF THE HISTORY OF RIO DE JANEIRO - Travel Studio","og_url":"https:\/\/travelstudio.com.br\/en\/a-little-of-the-history-of-rio-de-janeiro\/","og_site_name":"Travel Studio","article_publisher":"https:\/\/www.facebook.com\/travelstudio.br","article_published_time":"2020-04-11T14:28:50+00:00","article_modified_time":"2024-09-11T18:34:59+00:00","og_image":[{"width":960,"height":544,"url":"https:\/\/travelstudio.com.br\/wp-content\/uploads\/2020\/04\/historia.do_.rio_.de_.janeiro.jpg","type":"image\/jpeg"}],"author":"Ana Paula Martins","twitter_card":"summary_large_image","twitter_misc":{"Written by":"Ana Paula Martins","Est. reading time":"6 minutes"},"schema":{"@context":"https:\/\/schema.org","@graph":[{"@type":"Article","@id":"https:\/\/travelstudio.com.br\/en\/a-little-of-the-history-of-rio-de-janeiro\/#article","isPartOf":{"@id":"https:\/\/travelstudio.com.br\/en\/a-little-of-the-history-of-rio-de-janeiro\/"},"author":{"name":"Ana Paula Martins","@id":"https:\/\/travelstudio.com.br\/en\/#\/schema\/person\/9e3c0c4828ace289385e7fb19c38779e"},"headline":"A LITTLE OF THE HISTORY OF RIO DE JANEIRO","datePublished":"2020-04-11T14:28:50+00:00","dateModified":"2024-09-11T18:34:59+00:00","mainEntityOfPage":{"@id":"https:\/\/travelstudio.com.br\/en\/a-little-of-the-history-of-rio-de-janeiro\/"},"wordCount":1225,"commentCount":0,"image":{"@id":"https:\/\/travelstudio.com.br\/en\/a-little-of-the-history-of-rio-de-janeiro\/#primaryimage"},"thumbnailUrl":"https:\/\/travelstudio.com.br\/wp-content\/uploads\/2020\/04\/historia.do_.rio_.de_.janeiro.jpg","articleSection":["General Information","Rio de Janeiro Tourist Guide"],"inLanguage":"en-US","potentialAction":[{"@type":"CommentAction","name":"Comment","target":["https:\/\/travelstudio.com.br\/en\/a-little-of-the-history-of-rio-de-janeiro\/#respond"]}]},{"@type":"WebPage","@id":"https:\/\/travelstudio.com.br\/en\/a-little-of-the-history-of-rio-de-janeiro\/","url":"https:\/\/travelstudio.com.br\/en\/a-little-of-the-history-of-rio-de-janeiro\/","name":"A LITTLE OF THE HISTORY OF RIO DE JANEIRO - Travel Studio","isPartOf":{"@id":"https:\/\/travelstudio.com.br\/en\/#website"},"primaryImageOfPage":{"@id":"https:\/\/travelstudio.com.br\/en\/a-little-of-the-history-of-rio-de-janeiro\/#primaryimage"},"image":{"@id":"https:\/\/travelstudio.com.br\/en\/a-little-of-the-history-of-rio-de-janeiro\/#primaryimage"},"thumbnailUrl":"https:\/\/travelstudio.com.br\/wp-content\/uploads\/2020\/04\/historia.do_.rio_.de_.janeiro.jpg","datePublished":"2020-04-11T14:28:50+00:00","dateModified":"2024-09-11T18:34:59+00:00","author":{"@id":"https:\/\/travelstudio.com.br\/en\/#\/schema\/person\/9e3c0c4828ace289385e7fb19c38779e"},"breadcrumb":{"@id":"https:\/\/travelstudio.com.br\/en\/a-little-of-the-history-of-rio-de-janeiro\/#breadcrumb"},"inLanguage":"en-US","potentialAction":[{"@type":"ReadAction","target":["https:\/\/travelstudio.com.br\/en\/a-little-of-the-history-of-rio-de-janeiro\/"]}]},{"@type":"ImageObject","inLanguage":"en-US","@id":"https:\/\/travelstudio.com.br\/en\/a-little-of-the-history-of-rio-de-janeiro\/#primaryimage","url":"https:\/\/travelstudio.com.br\/wp-content\/uploads\/2020\/04\/historia.do_.rio_.de_.janeiro.jpg","contentUrl":"https:\/\/travelstudio.com.br\/wp-content\/uploads\/2020\/04\/historia.do_.rio_.de_.janeiro.jpg","width":960,"height":544},{"@type":"BreadcrumbList","@id":"https:\/\/travelstudio.com.br\/en\/a-little-of-the-history-of-rio-de-janeiro\/#breadcrumb","itemListElement":[{"@type":"ListItem","position":1,"name":"In\u00edcio","item":"https:\/\/travelstudio.com.br\/en\/"},{"@type":"ListItem","position":2,"name":"A LITTLE OF THE HISTORY OF RIO DE JANEIRO"}]},{"@type":"WebSite","@id":"https:\/\/travelstudio.com.br\/en\/#website","url":"https:\/\/travelstudio.com.br\/en\/","name":"Travel Studio","description":"Ag\u00eancia Turismo Receptivo no Rio de Janeiro, especializada em customiza\u00e7\u00e3o de passeios.","potentialAction":[{"@type":"SearchAction","target":{"@type":"EntryPoint","urlTemplate":"https:\/\/travelstudio.com.br\/en\/?s={search_term_string}"},"query-input":{"@type":"PropertyValueSpecification","valueRequired":true,"valueName":"search_term_string"}}],"inLanguage":"en-US"},{"@type":"Person","@id":"https:\/\/travelstudio.com.br\/en\/#\/schema\/person\/9e3c0c4828ace289385e7fb19c38779e","name":"Ana Paula Martins","image":{"@type":"ImageObject","inLanguage":"en-US","@id":"https:\/\/secure.gravatar.com\/avatar\/b8513036d8b038cbe2d0375949d181c47d254448a67b21ac3750ea56c29d339e?s=96&r=g","url":"https:\/\/secure.gravatar.com\/avatar\/b8513036d8b038cbe2d0375949d181c47d254448a67b21ac3750ea56c29d339e?s=96&r=g","contentUrl":"https:\/\/secure.gravatar.com\/avatar\/b8513036d8b038cbe2d0375949d181c47d254448a67b21ac3750ea56c29d339e?s=96&r=g","caption":"Ana Paula Martins"},"url":"https:\/\/travelstudio.com.br\/en\/author\/anapaula\/"}]}},"_links":{"self":[{"href":"https:\/\/travelstudio.com.br\/en\/wp-json\/wp\/v2\/posts\/10279","targetHints":{"allow":["GET"]}}],"collection":[{"href":"https:\/\/travelstudio.com.br\/en\/wp-json\/wp\/v2\/posts"}],"about":[{"href":"https:\/\/travelstudio.com.br\/en\/wp-json\/wp\/v2\/types\/post"}],"author":[{"embeddable":true,"href":"https:\/\/travelstudio.com.br\/en\/wp-json\/wp\/v2\/users\/7"}],"replies":[{"embeddable":true,"href":"https:\/\/travelstudio.com.br\/en\/wp-json\/wp\/v2\/comments?post=10279"}],"version-history":[{"count":6,"href":"https:\/\/travelstudio.com.br\/en\/wp-json\/wp\/v2\/posts\/10279\/revisions"}],"predecessor-version":[{"id":12845,"href":"https:\/\/travelstudio.com.br\/en\/wp-json\/wp\/v2\/posts\/10279\/revisions\/12845"}],"wp:featuredmedia":[{"embeddable":true,"href":"https:\/\/travelstudio.com.br\/en\/wp-json\/wp\/v2\/media\/9738"}],"wp:attachment":[{"href":"https:\/\/travelstudio.com.br\/en\/wp-json\/wp\/v2\/media?parent=10279"}],"wp:term":[{"taxonomy":"category","embeddable":true,"href":"https:\/\/travelstudio.com.br\/en\/wp-json\/wp\/v2\/categories?post=10279"},{"taxonomy":"post_tag","embeddable":true,"href":"https:\/\/travelstudio.com.br\/en\/wp-json\/wp\/v2\/tags?post=10279"}],"curies":[{"name":"wp","href":"https:\/\/api.w.org\/{rel}","templated":true}]}}